{"id":913,"date":"2022-08-12T10:48:50","date_gmt":"2022-08-12T08:48:50","guid":{"rendered":"https:\/\/hedemann-stapler-news.de\/?p=913"},"modified":"2022-08-12T10:49:13","modified_gmt":"2022-08-12T08:49:13","slug":"dieser-elektrostapler-ueberzeugt-durch-seine-wendigkeit","status":"publish","type":"post","link":"https:\/\/hedemann-stapler-news.de\/index.php\/2022\/08\/12\/dieser-elektrostapler-ueberzeugt-durch-seine-wendigkeit\/","title":{"rendered":"Dieser Elektrostapler \u00fcberzeugt durch seine Wendigkeit"},"content":{"rendered":"\n<h2 class=\"wp-block-heading\"><strong>Raiffeisenmarkt in Brake erh\u00e4lt 3-Rad-Elektrostapler f\u00fcr den neuen Au\u00dfenbereich<\/strong><\/h2>\n\n\n\n<p>\u201eUnsere Raiffeisenm\u00e4rkte sind f\u00fcr die Menschen in der Region Wesermarsch der regionale Nahversorger f\u00fcr die Bereiche Haus und Garten, Werkzeug, Haushaltswaren, Getr\u00e4nke, Haustiere und Reitsport. Wir f\u00fchren ein passgenau auf den l\u00e4ndlichen Bedarf abgestimmtes Sortiment.\u201c, erz\u00e4hlt Dr. Ingo B\u00f6ning, Gesch\u00e4ftsf\u00fchrer der Raiffeisen-Warengenossenschaft Wesermarsch eG.<\/p>\n\n\n\n<p>\u201e2021 haben wir schon mal von Hedemann einen Elektrostapler f\u00fcr den Hauptsitzt der RWG Wesermarsch in Str\u00fcckhausen gekauft und waren sehr zufrieden. Jetzt kam Bedarf bei unserem Raiffeisenmarkt in Brake auf. Dort sollte unser Au\u00dfenbereich so umgestaltet werden, dass es eine geschlossene Lagerhalle, sowie einen offenen Kundenbereich geben w\u00fcrde. Ich habe Wilko Hinrichs um einen Termin bei uns in Brake gebeten, damit wir uns gemeinsam mit Marktleiter Jens B\u00f6ger ein Bild von den geplanten Umbauten machen k\u00f6nnen. So sollte ein passgenauer Stapler, ma\u00dfgeschneidert nach unseren individuellen Anforderungen ausfindig gemacht werden. Schnell stand fest, dass f\u00fcr den Betrieb im geschlossenen Raum ein nachhaltiger, umweltschonender Elektrostapler naheliegend w\u00e4re. Damit der Stapler auch auf engstem Raum gut man\u00f6vriert werden kann, sollte es dann ein 3-Rad-Stapler sein. Der w\u00e4re durch seinen sehr kleinen Wenderadius perfekt f\u00fcr uns. Dass wir den Stapler sehr z\u00fcgig ben\u00f6tigten war \u00fcberhaupt kein Problem, da Hedemann den passenden Stapler derzeit am Lager hatte. So wurde der Doosan B18T-7 schon kurz darauf bei uns in Brake eingesetzt.\u201c, berichtet Dr. Ingo B\u00f6ning.<\/p>\n","protected":false},"excerpt":{"rendered":"<p>Raiffeisenmarkt in Brake erh\u00e4lt 3-Rad-Elektrostapler f\u00fcr den neuen Au\u00dfenbereich<\/p>\n<p>\u201eUnsere Raiffeisenm\u00e4rkte sind f\u00fcr die Menschen in der Region Wesermarsch&#8230;<\/p>\n","protected":false},"author":3,"featured_media":914,"comment_status":"closed","ping_status":"open","sticky":false,"template":"","format":"standard","meta":{"footnotes":""},"categories":[1],"tags":[],"class_list":["post-913","post","type-post","status-publish","format-standard","has-post-thumbnail","hentry","category-allgemein"],"_links":{"self":[{"href":"https:\/\/hedemann-stapler-news.de\/index.php\/wp-json\/wp\/v2\/posts\/913","targetHints":{"allow":["GET"]}}],"collection":[{"href":"https:\/\/hedemann-stapler-news.de\/index.php\/wp-json\/wp\/v2\/posts"}],"about":[{"href":"https:\/\/hedemann-stapler-news.de\/index.php\/wp-json\/wp\/v2\/types\/post"}],"author":[{"embeddable":true,"href":"https:\/\/hedemann-stapler-news.de\/index.php\/wp-json\/wp\/v2\/users\/3"}],"replies":[{"embeddable":true,"href":"https:\/\/hedemann-stapler-news.de\/index.php\/wp-json\/wp\/v2\/comments?post=913"}],"version-history":[{"count":2,"href":"https:\/\/hedemann-stapler-news.de\/index.php\/wp-json\/wp\/v2\/posts\/913\/revisions"}],"predecessor-version":[{"id":916,"href":"https:\/\/hedemann-stapler-news.de\/index.php\/wp-json\/wp\/v2\/posts\/913\/revisions\/916"}],"wp:featuredmedia":[{"embeddable":true,"href":"https:\/\/hedemann-stapler-news.de\/index.php\/wp-json\/wp\/v2\/media\/914"}],"wp:attachment":[{"href":"https:\/\/hedemann-stapler-news.de\/index.php\/wp-json\/wp\/v2\/media?parent=913"}],"wp:term":[{"taxonomy":"category","embeddable":true,"href":"https:\/\/hedemann-stapler-news.de\/index.php\/wp-json\/wp\/v2\/categories?post=913"},{"taxonomy":"post_tag","embeddable":true,"href":"https:\/\/hedemann-stapler-news.de\/index.php\/wp-json\/wp\/v2\/tags?post=913"}],"curies":[{"name":"wp","href":"https:\/\/api.w.org\/{rel}","templated":true}]}}